{"id":64754,"date":"2020-01-16T09:45:49","date_gmt":"2020-01-16T08:45:49","guid":{"rendered":"https:\/\/zvk.meinezvk.de\/?p=64754"},"modified":"2020-01-16T11:27:09","modified_gmt":"2020-01-16T10:27:09","slug":"neuer-freibetrag-fuehrt-zu-niedrigeren-krankenversicherungsbeitraegen","status":"publish","type":"post","link":"https:\/\/zvk.meinezvk.de\/?p=64754","title":{"rendered":"Neuer Freibetrag f\u00fchrt zu niedrigeren Krankenversicherungsbeitr\u00e4gen"},"content":{"rendered":"<p>Der Bundestag hat am 12. Dezember 2019 das \u201e<strong>Gesetz zur Einf\u00fchrung eines Freibetrages in der gesetzlichen Krankenversicherung zur F\u00f6rderung der betrieblichen Altersvorsorge<\/strong>\u201c (GKV- BRG) beschlossen. Damit werden viele ZVK-Rentner durch einen Freibetrag bei den Beitr\u00e4gen zur Krankenversicherung auf ihre Betriebsrente entlastet.<\/p>\n<p><strong>Ab 1. Januar 2020<\/strong> liegt dieser <strong>Freibetrag bei 159,25 Euro monatlich<\/strong>. Zuk\u00fcnftig m\u00fcssen nur noch oberhalb des Freibetrags Beitr\u00e4ge zur gesetzlichen Krankenversicherung gezahlt werden.<br \/>\nDer Freibetrag ist dynamisch (ein Zwanzigstel der monatlichen Bezugsgr\u00f6\u00dfe nach \u00a7 18 SGB IV) und ver\u00e4ndert sich j\u00e4hrlich anhand der allgemeinen Lohnentwicklung.<\/p>\n<hr \/>\n<div class=\"su-service style.css\"><div class=\"su-service-title\" style=\"padding-left:44px;min-height:30px;line-height:30px\"><i class=\"sui sui-question-circle\" style=\"font-size:30px;color:#0099cc\"><\/i> Welche Auswirkungen hat das f\u00fcr die ZVK-Rente? <\/div><div class=\"su-service-content su-u-clearfix su-u-trim\" style=\"padding-left:44px\">F\u00fcr alle ZVK-Renten unter 159,25 \u20ac \u00e4ndert sich nichts, da auch bisher keine Krankenversicherungsbeitr\u00e4ge f\u00e4llig waren.<\/p>\n<p>F\u00fcr alle \u00fcbrigen ZVK-Renten kommt es zu einer <strong>sp\u00fcrbaren Entlastung<\/strong>.<\/p>\n<p>Liegen die Renten \u00fcber dem o.g. Betrag, sind zuk\u00fcnftig Krankenversicherungsbeitr\u00e4ge nur auf den Teil der Rente zu zahlen, der \u00fcber den Freibetrag hinausgeht. Bei den Krankenversicherungsbeitr\u00e4gen handelt es sich um den vollen Beitragssatz sowie den kassenindividuellen Zusatzbeitrag. <\/div><\/div>\n<hr \/>\n<div class=\"su-service style.css\"><div class=\"su-service-title\" style=\"padding-left:44px;min-height:30px;line-height:30px\"><i class=\"sui sui-question-circle\" style=\"font-size:30px;color:#0099cc\"><\/i> Gibt es auch \u00c4nderungen bei den Pflegeversicherungsbeitr\u00e4gen?<\/div><div class=\"su-service-content su-u-clearfix su-u-trim\" style=\"padding-left:44px\">Bei der gesetzlichen Pflegeversicherung hat der Gesetzgeber keine Entlastung vorgesehen. Hier gilt der Freibetrag nicht, sodass der <strong>Pflegeversicherungsbeitrag unver\u00e4ndert<\/strong> bleibt. <\/div><\/div>\n<hr \/>\n<div class=\"su-service style.css\"><div class=\"su-service-title\" style=\"padding-left:44px;min-height:30px;line-height:30px\"><i class=\"sui sui-question-circle\" style=\"font-size:30px;color:#0099cc\"><\/i> Wann wird die gesetzliche Neuregelung praktisch umgesetzt?<\/div><div class=\"su-service-content su-u-clearfix su-u-trim\" style=\"padding-left:44px\">Die Umsetzung wird noch einige Zeit in Anspruch nehmen.<\/p>\n<p>Sowohl auf Seiten der Krankenkassen als auch bei der ZVK sind Anpassungen erforderlich. Wesentliche Teile hiervon k\u00f6nnen erst umgesetzt werden, wenn das zwischen den Krankenkassen und allen betroffenen Versorgungseinrichtungen bestehende Meldeverfahren erweitert wurde.<\/p>\n<p>Der Spitzenverband der Gesetzlichen Krankenversicherungen \u00e4u\u00dfert sich wie folgt zum Zeithorizont der Umsetzung: \u201eEs muss angenommen werden, dass angesichts der komplexen Umsetzungserfordernisse ein insoweit erweitertes Meldeverfahren zwischen den Krankenkassen und den Zahlstellen der Versorgungsbez\u00fcge voraussichtlich <strong>nicht vor 2021<\/strong> etabliert werden kann.\u201c<\/p>\n<p>Wir bitten daher unsere Rentnerinnen und Rentner schon jetzt um Verst\u00e4ndnis, dass wir den Freibetrag nicht sofort ber\u00fccksichtigen k\u00f6nnen. <strong>Sobald die technische Umsetzung m\u00f6glich ist, wird der Freibetrag r\u00fcckwirkend zum 01.01.2020 und ohne gesonderten Antrag ber\u00fccksichtigt.<\/strong><\/div><\/div>\n<hr \/>\n<div class=\"su-service style.css\"><div class=\"su-service-title\" style=\"padding-left:44px;min-height:30px;line-height:30px\"><i class=\"sui sui-question-circle\" style=\"font-size:30px;color:#0099cc\"><\/i> Welches Rentenplus ergibt sich durch das Gesetz?<\/div><div class=\"su-service-content su-u-clearfix su-u-trim\" style=\"padding-left:44px\">Wir m\u00f6chten die Auswirkungen anhand eines <strong>Beispiels<\/strong> konkretisieren.<\/p>\n<p>Ein gesetzlich krankenversicherungspflichtiger Rentner erh\u00e4lt ab dem 01.01.2020 eine ZVK-Betriebsrente von 350 Euro monatlich. Der Beitragssatz seiner Krankenkasse) liegt bei 15,2 % (14,6 % allgemeiner Beitragssatz zuz\u00fcglich 0,6 % kassenindividueller Beitragssatz).<\/div><\/div>\n<div class=\"su-table su-table-alternate\"><\/p>\n<table class=\" aligncenter\">\n<tbody>\n<tr>\n<td><\/td>\n<td><strong>alte Rechtslage (2019)<\/strong><\/td>\n<td><strong>neue Rechtslage (2020)<\/strong><\/td>\n<\/tr>\n<tr>\n<td><strong>ZVK-Rente brutto<\/strong><\/td>\n<td><strong>350,00 \u20ac<\/strong><\/td>\n<td><strong>350,00 \u20ac<\/strong><\/td>\n<\/tr>\n<tr>\n<td><\/td>\n<td><\/td>\n<td><\/td>\n<\/tr>\n<tr>\n<td>abz\u00fcglich Freibetrag (159,25 \u20ac)<\/td>\n<td><\/td>\n<td>&#8211; 159,25 \u20ac<\/td>\n<\/tr>\n<tr>\n<td>zu verbeitragende Rente<\/td>\n<td>350,00 \u20ac<\/td>\n<td>190,75 \u20ac<\/td>\n<\/tr>\n<tr>\n<td>abz\u00fcglich KV-Beitrag (15,2 %)<\/td>\n<td>&#8211; 53,20 \u20ac<\/td>\n<td>&#8211; 28,88 \u20ac<\/td>\n<\/tr>\n<tr>\n<td><\/td>\n<td><\/td>\n<td><\/td>\n<\/tr>\n<tr>\n<td><strong>Zwischenergebnis<\/strong><\/td>\n<td><strong>296,80 \u20ac<\/strong><\/td>\n<td><strong>321,12 \u20ac<\/strong><\/td>\n<\/tr>\n<tr>\n<td>abz\u00fcglich Pflegeversicherung<\/p>\n<p>(3,05% aus 350 \u20ac Bruttorente)<\/td>\n<td>&#8211; 12,25 \u20ac<\/td>\n<td>&#8211; 12,25 \u20ac<\/td>\n<\/tr>\n<tr>\n<td><\/td>\n<td><\/td>\n<td><\/td>\n<\/tr>\n<tr>\n<td><strong>Nettorente<\/strong><\/td>\n<td><strong>284,55 \u20ac<\/strong><\/td>\n<td><strong>308,82 \u20ac (<span style=\"color: #339966\">+24,27 \u20ac<\/span>)<\/strong><\/td>\n<\/tr>\n<\/tbody>\n<\/table>\n<p><\/div>\n","protected":false},"excerpt":{"rendered":"<p>Der Bundestag hat am 12. Dezember 2019 das \u201eGesetz zur Einf\u00fchrung eines Freibetrages in der gesetzlichen Krankenversicherung zur F\u00f6rderung der betrieblichen Altersvorsorge\u201c (GKV- BRG) beschlossen. Damit werden viele ZVK-Rentner durch einen Freibetrag bei den&#46;&#46;&#46;<\/p>\n","protected":false},"author":7,"featured_media":64826,"comment_status":"closed","ping_status":"closed","sticky":false,"template":"","format":"standard","meta":{"footnotes":""},"categories":[1],"tags":[],"class_list":["post-64754","post","type-post","status-publish","format-standard","has-post-thumbnail","hentry","category-allgemein"],"_links":{"self":[{"href":"https:\/\/zvk.meinezvk.de\/index.php?rest_route=\/wp\/v2\/posts\/64754","targetHints":{"allow":["GET"]}}],"collection":[{"href":"https:\/\/zvk.meinezvk.de\/index.php?rest_route=\/wp\/v2\/posts"}],"about":[{"href":"https:\/\/zvk.meinezvk.de\/index.php?rest_route=\/wp\/v2\/types\/post"}],"author":[{"embeddable":true,"href":"https:\/\/zvk.meinezvk.de\/index.php?rest_route=\/wp\/v2\/users\/7"}],"replies":[{"embeddable":true,"href":"https:\/\/zvk.meinezvk.de\/index.php?rest_route=%2Fwp%2Fv2%2Fcomments&post=64754"}],"version-history":[{"count":21,"href":"https:\/\/zvk.meinezvk.de\/index.php?rest_route=\/wp\/v2\/posts\/64754\/revisions"}],"predecessor-version":[{"id":64828,"href":"https:\/\/zvk.meinezvk.de\/index.php?rest_route=\/wp\/v2\/posts\/64754\/revisions\/64828"}],"wp:featuredmedia":[{"embeddable":true,"href":"https:\/\/zvk.meinezvk.de\/index.php?rest_route=\/wp\/v2\/media\/64826"}],"wp:attachment":[{"href":"https:\/\/zvk.meinezvk.de\/index.php?rest_route=%2Fwp%2Fv2%2Fmedia&parent=64754"}],"wp:term":[{"taxonomy":"category","embeddable":true,"href":"https:\/\/zvk.meinezvk.de\/index.php?rest_route=%2Fwp%2Fv2%2Fcategories&post=64754"},{"taxonomy":"post_tag","embeddable":true,"href":"https:\/\/zvk.meinezvk.de\/index.php?rest_route=%2Fwp%2Fv2%2Ftags&post=64754"}],"curies":[{"name":"wp","href":"https:\/\/api.w.org\/{rel}","templated":true}]}}